{"id":299,"date":"2013-08-30T21:33:03","date_gmt":"2013-08-30T18:33:03","guid":{"rendered":"https:\/\/heroart.fi\/wp\/?p=299"},"modified":"2022-12-04T20:54:29","modified_gmt":"2022-12-04T18:54:29","slug":"kun-imacista-tulee-unelias","status":"publish","type":"post","link":"https:\/\/heroart.fi\/?p=299","title":{"rendered":"Kun iMacista tulee unelias"},"content":{"rendered":"<div class='booster-block booster-read-block'><\/div><div class=\"blogpostelement fixed typenb_photoheader blockid0 typenb_photo full-width notAutoheight v-bot t-left one\" data-blockid=\"0\">\n<div class=\"element-content\">\n<h1 class=\"newblog-title noImage notDynamic headerfont\" data-fontsize=\"0.5\">Kun iMacista tulee\u00a0unelias<\/h1>\n<div class=\"post-photo-container\"><\/div>\n<\/div>\n<\/div>\n<div class=\"blogpostelement sortable typenb_photo blockid1 full-width autoheight maxheight cropmode one autosized\" data-blockid=\"1\">\n<div class=\"element-content\">\n<div class=\"post-photo-container\">\n<div class=\"post-photo hover\" data-imgindex=\"0\">\n<div class=\"post-photo-image-container pictureviewer\" data-url=\"\/blogpictures\/1377887696sp154.jpg\"><img decoding=\"async\" class=\"post-photo-image\" src=\"https:\/\/heroart.kuvat.fi\/blogpictures\/1377887696sp154.jpg?img=img1280&amp;hash=785a9\" alt=\"\" \/><\/div>\n<\/div>\n<\/div>\n<\/div>\n<\/div>\n<div class=\"blogpostelement sortable typenb_text blockid2 margin col-mob\" data-blockid=\"2\">\n<div class=\"content editableText editable typenb_text_content cf\">\n<p>Teen suurimman osan kuvienk\u00e4sittelyty\u00f6st\u00e4ni iMacilla, jonka uusin noin 1,5 vuotta sitten. T\u00e4m\u00e4n kes\u00e4n aikana n\u00e4ytt\u00f6 alkoi v\u00e4sym\u00e4\u00e4n ankaraan ty\u00f6ntekoon ja siit\u00e4 tuli kovin unelias. Se nukahteli, jopa kesken k\u00e4yt\u00f6n. Lueskelin internetist\u00e4 tietoa asiasta, faktaa, saati ratkaisua, ei oikein l\u00f6ytynyt mist\u00e4\u00e4n. Enemm\u00e4n ep\u00e4iltiin softavikaa, lopulta my\u00f6s rautavikaa. Huoltokaan ei ollut l\u00f6yt\u00e4nyt selke\u00e4\u00e4 ratkaisua yhdess\u00e4k\u00e4\u00e4n jutussa. Oli vaihdettu erilaisia osia, osa tuloksekkaasti, osa v\u00e4hemm\u00e4n.<\/p>\n<p>T\u00e4m\u00e4n viikon alussa minulta loppui yhteisty\u00f6halukkuus. Niin l\u00e4hestulkoon iMaciltakin. N\u00e4ytt\u00f6 saattoi sammua kymmeni\u00e4 kertoja tunnin sis\u00e4\u00e4n, se saattoi sammua juuri, kun k\u00e4ynnistyskuvake ilmaantui n\u00e4ytt\u00f6\u00f6n tai se saattoi toimia kolme tuntia ongelmitta ja sen j\u00e4lkeen n\u00e4ytt\u00f6 ei kest\u00e4nyt sekuntia pidemp\u00e4\u00e4n p\u00e4\u00e4ll\u00e4. Kaikki muu nukkuvan n\u00e4yt\u00f6n alla vaikutti toimivan normaalisti ja jatkavan my\u00f6s toimintaansa normaalisti n\u00e4yt\u00f6n nukahtaessa.<\/p>\n<p>Ensimm\u00e4isen\u00e4 soitto liikkeeseen, josta koneen ostin. Takuu ummessa, ei voida tehd\u00e4 mit\u00e4\u00e4n. Ota yhteys valmistajaan. Valmistaja oli paljon kiinnostuneempi ja puhuttiin kuluttajansuojaan liittyv\u00e4st\u00e4 oikeudesta korjauttaa laite, koska valmistajan edustaja oli sit\u00e4 mielt\u00e4, ett\u00e4 ongelma vaikuttaa rautaper\u00e4iselt\u00e4. Puhelu p\u00e4\u00e4ttyi lupaukseen, ett\u00e4 valmistaja selvitt\u00e4\u00e4 asiaa ylemm\u00e4lt\u00e4 taholta ja ilmoittaa minulle seuraavana p\u00e4iv\u00e4n\u00e4 tuloksesta. J\u00e4in odottelemaan.<\/p>\n<p>Melko tasan vuorokauden kuluttua puhelin soi. Kone vaikuttaisi menev\u00e4n vaihto-ohjelman piiriin, joka oli k\u00e4ynnistynyt vasta muutamia p\u00e4ivi\u00e4 aikaisemmin. Kyseess\u00e4 olisi siis vialliseen n\u00e4yt\u00f6nohjaimeen liittyv\u00e4 takuuvaihto. Kone luvattiin hakea kotoa ja toimittaa ykk\u00f6sprioriteetill\u00e4 huoltoon, jossa sen tilanne arvioidaan ja mahdollisesti vaihdetaan joko osat tai koko kone uuteen.<\/p>\n<p>T\u00e4st\u00e4 on nyt kaksi p\u00e4iv\u00e4\u00e4 aikaa. Toistaiseksi asia odottaa etenemist\u00e4 ja kuljetusta, sek\u00e4 huollon yhteydenottoa. Mutta olen viel\u00e4 t\u00e4ll\u00e4 hetkell\u00e4 varsin tyytyv\u00e4inen valmistajan toimintaan asiassa. Kone ei suoraan kuulu vaihto-ohjelman piiriin, tai siis sen n\u00e4yt\u00f6nohjain, mutta oireilee kuitenkin vastaavasti kuin ohjelman piiriss\u00e4 oleva malli. Mutta odotellaan. Kuitenkin, jos odottelu viel\u00e4 viikon p\u00e4\u00e4st\u00e4 jatkuu, saattaa tyytyv\u00e4isyyteni olla arvioitavissa uudestaan. Onneksi kuitenkin seitsem\u00e4n vuotta vanha iMac toimii viel\u00e4 kohtuu hyvin, joskin my\u00f6s kohtuu hitaasti. Parempaa k\u00e4rsiv\u00e4llisyytt\u00e4 harjoitellessa.. \ud83d\ude09<\/p>\n<\/div>\n<\/div>\n","protected":false},"excerpt":{"rendered":"<p>Kun iMacista tulee\u00a0unelias Teen suurimman osan kuvienk\u00e4sittelyty\u00f6st\u00e4ni iMacilla, jonka uusin noin 1,5 vuotta sitten. T\u00e4m\u00e4n kes\u00e4n aikana n\u00e4ytt\u00f6 alkoi v\u00e4sym\u00e4\u00e4n ankaraan ty\u00f6ntekoon ja siit\u00e4 tuli kovin unelias. Se nukahteli, jopa kesken k\u00e4yt\u00f6n. Lueskelin internetist\u00e4 tietoa asiasta, faktaa, saati ratkaisua, ei oikein l\u00f6ytynyt mist\u00e4\u00e4n. Enemm\u00e4n ep\u00e4iltiin softavikaa, lopulta my\u00f6s rautavikaa. Huoltokaan<\/p>\n<div class=\"continue-reading-wrapper\"><a href=\"https:\/\/heroart.fi\/?p=299\" class=\"continue-reading\">Lue kirjoitus<i class=\"ion-ios-arrow-right\"><\/i><\/a><\/div>\n","protected":false},"author":1,"featured_media":0,"comment_status":"open","ping_status":"open","sticky":false,"template":"","format":"standard","meta":{"iawp_total_views":0,"footnotes":""},"categories":[1],"tags":[],"class_list":["post-299","post","type-post","status-publish","format-standard","hentry","category-yleinen"],"_links":{"self":[{"href":"https:\/\/heroart.fi\/index.php?rest_route=\/wp\/v2\/posts\/299","targetHints":{"allow":["GET"]}}],"collection":[{"href":"https:\/\/heroart.fi\/index.php?rest_route=\/wp\/v2\/posts"}],"about":[{"href":"https:\/\/heroart.fi\/index.php?rest_route=\/wp\/v2\/types\/post"}],"author":[{"embeddable":true,"href":"https:\/\/heroart.fi\/index.php?rest_route=\/wp\/v2\/users\/1"}],"replies":[{"embeddable":true,"href":"https:\/\/heroart.fi\/index.php?rest_route=%2Fwp%2Fv2%2Fcomments&post=299"}],"version-history":[{"count":1,"href":"https:\/\/heroart.fi\/index.php?rest_route=\/wp\/v2\/posts\/299\/revisions"}],"predecessor-version":[{"id":300,"href":"https:\/\/heroart.fi\/index.php?rest_route=\/wp\/v2\/posts\/299\/revisions\/300"}],"wp:attachment":[{"href":"https:\/\/heroart.fi\/index.php?rest_route=%2Fwp%2Fv2%2Fmedia&parent=299"}],"wp:term":[{"taxonomy":"category","embeddable":true,"href":"https:\/\/heroart.fi\/index.php?rest_route=%2Fwp%2Fv2%2Fcategories&post=299"},{"taxonomy":"post_tag","embeddable":true,"href":"https:\/\/heroart.fi\/index.php?rest_route=%2Fwp%2Fv2%2Ftags&post=299"}],"curies":[{"name":"wp","href":"https:\/\/api.w.org\/{rel}","templated":true}]}}