{"id":301,"date":"2013-08-25T00:57:39","date_gmt":"2013-08-24T21:57:39","guid":{"rendered":"https:\/\/heroart.fi\/wp\/?p=301"},"modified":"2022-12-04T20:55:04","modified_gmt":"2022-12-04T18:55:04","slug":"yotaivas-etsii-objektiivia","status":"publish","type":"post","link":"https:\/\/heroart.fi\/?p=301","title":{"rendered":"Y\u00f6taivas etsii objektiivia"},"content":{"rendered":"<div class='booster-block booster-read-block'><\/div><div class=\"blogpostelement fixed typenb_photoheader blockid0 typenb_photo full-width notAutoheight v-bot t-left one\" data-blockid=\"0\">\n<div class=\"element-content\">\n<div class=\"post-photo-container\"><\/div>\n<\/div>\n<\/div>\n<div class=\"blogpostelement sortable typenb_photo blockid1 full-width autoheight maxheight cropmode one autosized\" data-blockid=\"1\">\n<div class=\"element-content\">\n<div class=\"post-photo-container\">\n<div class=\"post-photo hover\" data-imgindex=\"0\">\n<div class=\"post-photo-image-container pictureviewer\" data-url=\"\/blogpictures\/sp247.jpg\"><img decoding=\"async\" class=\"post-photo-image\" src=\"https:\/\/heroart.kuvat.fi\/blogpictures\/sp247.jpg?img=img1280&amp;hash=4c522\" alt=\"\" \/><\/div>\n<\/div>\n<\/div>\n<\/div>\n<\/div>\n<div class=\"blogpostelement sortable typenb_text blockid2 margin col-mob\" data-blockid=\"2\">\n<div class=\"content editableText editable typenb_text_content cf\">\n<p>Nyt se olisi j\u00e4lleen ajankohtainen asia. Kes\u00e4n olen p\u00e4rj\u00e4nnyt maisemakuvissa noilla kehnompipiirtoisilla optiikoilla, kun aukkoa voi aina pienent\u00e4\u00e4, jotta kuvan piirto paranee. Talviset y\u00f6taivaat, puhumattakaan n\u00e4ist\u00e4 syksyn pimeist\u00e4, eiv\u00e4t anna armoa. Pit\u00e4isi l\u00f6yt\u00e4\u00e4 valovoimaa, laajakulmaa ja ter\u00e4vyytt\u00e4. Ja sopiva hinta.<\/p>\n<p>Canonin runkohan minulla ty\u00f6kaluna toimii. Sigman EX-sarjan laseja olen enimm\u00e4kseen k\u00e4ytt\u00e4nyt. Piirto ja budjetti ovat toimineet niiss\u00e4 suht hyvin yksiin. Valovoimaisin lasi on kuitenkin vain 24-60mm 2.8 t\u00e4ll\u00e4 hetkell\u00e4, joka repusta l\u00f6ytyy. Lis\u00e4ksi laajisp\u00e4\u00e4ss\u00e4 Sigman 17-70mm, jossa siis tuo 17mm antaa aukon 2.8. Sen j\u00e4lkeen pimenee. Piirrosta en mainitse sen enemp\u00e4\u00e4. Sen voinee jokainen arvata itsekin.<\/p>\n<p>Sigman uusimpaan tarjontaan en ole viel\u00e4 perehtynyt. Enk\u00e4 juuri Canoninkaan. Edellisen kerran valovoimaista laajakulmaa olen etsinyt kev\u00e4ttalvella, tuloksetta. Revontulikuvathan ne nytkin siell\u00e4 taustalla kummittelevat. Mutta toki n\u00e4m\u00e4 auringonlaskut ja y\u00f6taivaat t\u00e4htineen ovat my\u00f6s kuvauskohteina. Monipuoliseen k\u00e4ytt\u00f6\u00f6n lasi varmasti tulisi. Kiinteisiin polttov\u00e4leihin en ole oikein tottunut, niiss\u00e4 toki kuvanlaatu voittaisi. Mutta esim. 14mm lasi on sitten aina sen 14mm. Joko k\u00e4yt\u00e4t jalkojasi, jos sommittelua haluat muuttaa tai sitten kuvaat siin\u00e4, miss\u00e4 seisot ja piste.<\/p>\n<p>Tokinalla ja Tamronillakin olen lukenut olevan kohtuullista tarjontaa laajisp\u00e4\u00e4ss\u00e4, toisaalta my\u00f6s kritiikki\u00e4 on tullut. Manuaalitarkenteisuus lis\u00e4isi valikoimaa, mutta vaikka se repo- ja taivaskuvissa onkin se ainoa oikea tapa, muuten kaipaan automaattia. Useimmiten. Luultavasti valinta siis asettuu akselille Canon (L) &#8211; Sigma EX. Taidan l\u00e4hte\u00e4 lukemaan valmistajien esittelyj\u00e4 ja sen j\u00e4lkeen siirty\u00e4 ep\u00e4toivoisempaan viidakkoon, k\u00e4ytt\u00e4j\u00e4kokemusten pariin.<\/p>\n<p>P.s. Yll\u00e4oleva kuva ei ole kuvattu laajiksella. Ty\u00f6juhdan hommia painoi niinkin klassikko lasi kuin Canon 70-300mm IS USM, jonka hankin kes\u00e4ll\u00e4 ihan siksi, ett\u00e4 sen piirtoa on paljon kehuttu ainakin aukosta 8 yl\u00f6sp\u00e4in. Eik\u00e4 tuossa moittimista ole ollutkaan.<\/p>\n<\/div>\n<\/div>\n","protected":false},"excerpt":{"rendered":"<p>Nyt se olisi j\u00e4lleen ajankohtainen asia. Kes\u00e4n olen p\u00e4rj\u00e4nnyt maisemakuvissa noilla kehnompipiirtoisilla optiikoilla, kun aukkoa voi aina pienent\u00e4\u00e4, jotta kuvan piirto paranee. Talviset y\u00f6taivaat, puhumattakaan n\u00e4ist\u00e4 syksyn pimeist\u00e4, eiv\u00e4t anna armoa. Pit\u00e4isi l\u00f6yt\u00e4\u00e4 valovoimaa, laajakulmaa ja ter\u00e4vyytt\u00e4. Ja sopiva hinta. Canonin runkohan minulla ty\u00f6kaluna toimii. Sigman EX-sarjan laseja olen enimm\u00e4kseen<\/p>\n<div class=\"continue-reading-wrapper\"><a href=\"https:\/\/heroart.fi\/?p=301\" class=\"continue-reading\">Lue kirjoitus<i class=\"ion-ios-arrow-right\"><\/i><\/a><\/div>\n","protected":false},"author":1,"featured_media":0,"comment_status":"open","ping_status":"open","sticky":false,"template":"","format":"standard","meta":{"iawp_total_views":0,"footnotes":""},"categories":[1],"tags":[],"class_list":["post-301","post","type-post","status-publish","format-standard","hentry","category-yleinen"],"_links":{"self":[{"href":"https:\/\/heroart.fi\/index.php?rest_route=\/wp\/v2\/posts\/301","targetHints":{"allow":["GET"]}}],"collection":[{"href":"https:\/\/heroart.fi\/index.php?rest_route=\/wp\/v2\/posts"}],"about":[{"href":"https:\/\/heroart.fi\/index.php?rest_route=\/wp\/v2\/types\/post"}],"author":[{"embeddable":true,"href":"https:\/\/heroart.fi\/index.php?rest_route=\/wp\/v2\/users\/1"}],"replies":[{"embeddable":true,"href":"https:\/\/heroart.fi\/index.php?rest_route=%2Fwp%2Fv2%2Fcomments&post=301"}],"version-history":[{"count":1,"href":"https:\/\/heroart.fi\/index.php?rest_route=\/wp\/v2\/posts\/301\/revisions"}],"predecessor-version":[{"id":302,"href":"https:\/\/heroart.fi\/index.php?rest_route=\/wp\/v2\/posts\/301\/revisions\/302"}],"wp:attachment":[{"href":"https:\/\/heroart.fi\/index.php?rest_route=%2Fwp%2Fv2%2Fmedia&parent=301"}],"wp:term":[{"taxonomy":"category","embeddable":true,"href":"https:\/\/heroart.fi\/index.php?rest_route=%2Fwp%2Fv2%2Fcategories&post=301"},{"taxonomy":"post_tag","embeddable":true,"href":"https:\/\/heroart.fi\/index.php?rest_route=%2Fwp%2Fv2%2Ftags&post=301"}],"curies":[{"name":"wp","href":"https:\/\/api.w.org\/{rel}","templated":true}]}}