{"id":420,"date":"2023-02-25T13:25:00","date_gmt":"2023-02-25T11:25:00","guid":{"rendered":"https:\/\/heroart.fi\/wp\/?p=420"},"modified":"2023-02-25T13:26:16","modified_gmt":"2023-02-25T11:26:16","slug":"alkuvuoden-kuvioita","status":"publish","type":"post","link":"https:\/\/heroart.fi\/?p=420","title":{"rendered":"Alkuvuoden p\u00e4ivittelyit\u00e4"},"content":{"rendered":"<div class='booster-block booster-read-block'><\/div><p>Talven taittuessa mieleen her\u00e4si into p\u00e4ivitt\u00e4\u00e4 kuvank\u00e4sittelykalustoa. Likimain kymmenen vuotta vanha iMac sai v\u00e4isty\u00e4 ja tilalle saapui Mac Studio. Koska Studio on vain pelkk\u00e4 keskusyksikk\u00f6, on viel\u00e4 n\u00e4ytt\u00f6kin p\u00e4ivityksess\u00e4. Se ei valitettavasti viel\u00e4 t\u00e4h\u00e4n h\u00e4t\u00e4\u00e4n ole enn\u00e4tt\u00e4nyt saapua. Sen sijaan hiirik\u00e4den ongelmien vuoksi p\u00e4\u00e4dyin hankkimaan Wacom Intuos Pro Medium-piirtop\u00f6yd\u00e4n, jonka sain n\u00e4ppeihini eilen. Ja enp\u00e4 paljoa voisi tyytyv\u00e4isempi olla. Paljon on viel\u00e4 s\u00e4\u00e4dett\u00e4v\u00e4\u00e4 ja hiirik\u00e4si hakee tuntumaa muutenkin, mutta ihmettelen l\u00e4hinn\u00e4, kuinka olen p\u00e4rj\u00e4nnyt ilman t\u00e4h\u00e4n saakka. Toivottavasti yhteisty\u00f6 jatkuu yht\u00e4 onnellisissa merkeiss\u00e4.<\/p>\n<p><a href=\"https:\/\/heroart.fi\/wp\/?attachment_id=422\" target=\"_blank\" rel=\"noopener\"><img loading=\"lazy\" decoding=\"async\" class=\"alignleft wp-image-422 size-medium\" src=\"https:\/\/heroart.fi\/wp\/wp-content\/uploads\/2023\/02\/wint2-200x300.jpg\" alt=\"\" width=\"200\" height=\"300\" srcset=\"https:\/\/heroart.fi\/wp\/wp-content\/uploads\/2023\/02\/wint2-200x300.jpg 200w, https:\/\/heroart.fi\/wp\/wp-content\/uploads\/2023\/02\/wint2-682x1024.jpg 682w, https:\/\/heroart.fi\/wp\/wp-content\/uploads\/2023\/02\/wint2-768x1153.jpg 768w, https:\/\/heroart.fi\/wp\/wp-content\/uploads\/2023\/02\/wint2.jpg 799w\" sizes=\"auto, (max-width: 200px) 100vw, 200px\" \/><\/a><\/p>\n<p>Ent\u00e4p\u00e4 Mac Studio sitten? M1 Silicon ja 32Gb muistia ovat kyll\u00e4 kelpo yhdistelm\u00e4 minun tarpeisiini ja eron iMaciin huomasi heti. Kone on nyt ollut k\u00e4yt\u00f6ss\u00e4 muutaman viikon ja eip\u00e4 siit\u00e4k\u00e4\u00e4n osaa moitteita antaa. Sen kaveriksi on n\u00e4yt\u00f6ksi tulossa Huawei MateView 28&#8243;. Siit\u00e4kin paljon positiivisia arvioita, katsotaan k\u00e4yt\u00e4nn\u00f6ss\u00e4 jahka sekin kotiutuu. T\u00e4ll\u00e4 hetkell\u00e4 n\u00e4yt\u00f6n virkaa toimittaa Lenovon 34&#8243; kaareva pelin\u00e4ytt\u00f6, joten kuvank\u00e4sittelyyn kaipaa kyll\u00e4 lis\u00e4\u00e4 v\u00e4rej\u00e4 ja tarkkuutta. Tosin iMacin 5K retinan j\u00e4lkeen voi tuo Huaweikin j\u00e4\u00e4d\u00e4 j\u00e4lkeen, mutta voittaa se t\u00e4m\u00e4n nykyisen. Harmillisesti iMac on kuitenkin sen verran uutta mallia, ettei sit\u00e4 saa hy\u00f6dynnetty\u00e4 n\u00e4ytt\u00f6n\u00e4.<\/p>\n<p>Mit\u00e4 hy\u00f6ty\u00e4 t\u00e4st\u00e4 kaikesta on sitten ollut? Ainakin kuvienk\u00e4sittelymotivaatio on kipaissut pilviin. Olen kahlannut vanhoja arkistoja l\u00e4vitse ja tehnyt samalla suursiivousta kuvissa. Ja l\u00f6yt\u00e4nyt paljon helmi\u00e4, ja muistoja, jotka olen jo unohtanutkin. Innolla odotan my\u00f6s uutta n\u00e4ytt\u00f6\u00e4, milt\u00e4 kuvat sill\u00e4 n\u00e4ytt\u00e4v\u00e4t. Sitten paketti alkaakin olla melko valmis. Pitk\u00e4\u00e4n arvoin my\u00f6s trackpadin hankintaa, mutta se sai v\u00e4isty\u00e4 Intuosin tielta, sill\u00e4 saa samat asiat hoidettua ja paljon muutakin. Tarkempaa arviota ja kokemuksia siit\u00e4 tuonempana, jahka p\u00e4\u00e4sen paremmin sinuiksi toimintojen kanssa.<\/p>\n","protected":false},"excerpt":{"rendered":"<p>Talven taittuessa mieleen her\u00e4si into p\u00e4ivitt\u00e4\u00e4 kuvank\u00e4sittelykalustoa. Likimain kymmenen vuotta vanha iMac sai v\u00e4isty\u00e4 ja tilalle saapui Mac Studio. Koska Studio on vain pelkk\u00e4 keskusyksikk\u00f6, on viel\u00e4 n\u00e4ytt\u00f6kin p\u00e4ivityksess\u00e4. Se ei valitettavasti viel\u00e4 t\u00e4h\u00e4n h\u00e4t\u00e4\u00e4n ole enn\u00e4tt\u00e4nyt saapua. Sen sijaan hiirik\u00e4den ongelmien vuoksi p\u00e4\u00e4dyin hankkimaan Wacom Intuos Pro Medium-piirtop\u00f6yd\u00e4n, jonka<\/p>\n<div class=\"continue-reading-wrapper\"><a href=\"https:\/\/heroart.fi\/?p=420\" class=\"continue-reading\">Lue kirjoitus<i class=\"ion-ios-arrow-right\"><\/i><\/a><\/div>\n","protected":false},"author":1,"featured_media":421,"comment_status":"open","ping_status":"open","sticky":false,"template":"","format":"image","meta":{"iawp_total_views":0,"footnotes":""},"categories":[1],"tags":[9,11,10],"class_list":["post-420","post","type-post","status-publish","format-image","has-post-thumbnail","hentry","category-yleinen","tag-kuvankasittely","tag-mac-studio","tag-wacom-intuos-pro","post_format-post-format-image"],"_links":{"self":[{"href":"https:\/\/heroart.fi\/index.php?rest_route=\/wp\/v2\/posts\/420","targetHints":{"allow":["GET"]}}],"collection":[{"href":"https:\/\/heroart.fi\/index.php?rest_route=\/wp\/v2\/posts"}],"about":[{"href":"https:\/\/heroart.fi\/index.php?rest_route=\/wp\/v2\/types\/post"}],"author":[{"embeddable":true,"href":"https:\/\/heroart.fi\/index.php?rest_route=\/wp\/v2\/users\/1"}],"replies":[{"embeddable":true,"href":"https:\/\/heroart.fi\/index.php?rest_route=%2Fwp%2Fv2%2Fcomments&post=420"}],"version-history":[{"count":3,"href":"https:\/\/heroart.fi\/index.php?rest_route=\/wp\/v2\/posts\/420\/revisions"}],"predecessor-version":[{"id":425,"href":"https:\/\/heroart.fi\/index.php?rest_route=\/wp\/v2\/posts\/420\/revisions\/425"}],"wp:featuredmedia":[{"embeddable":true,"href":"https:\/\/heroart.fi\/index.php?rest_route=\/wp\/v2\/media\/421"}],"wp:attachment":[{"href":"https:\/\/heroart.fi\/index.php?rest_route=%2Fwp%2Fv2%2Fmedia&parent=420"}],"wp:term":[{"taxonomy":"category","embeddable":true,"href":"https:\/\/heroart.fi\/index.php?rest_route=%2Fwp%2Fv2%2Fcategories&post=420"},{"taxonomy":"post_tag","embeddable":true,"href":"https:\/\/heroart.fi\/index.php?rest_route=%2Fwp%2Fv2%2Ftags&post=420"}],"curies":[{"name":"wp","href":"https:\/\/api.w.org\/{rel}","templated":true}]}}