{"id":901,"date":"2025-01-28T18:10:59","date_gmt":"2025-01-28T16:10:59","guid":{"rendered":"https:\/\/heroart.fi\/?p=901"},"modified":"2025-01-28T18:14:55","modified_gmt":"2025-01-28T16:14:55","slug":"alkuvuoden-lahtokiihdytys","status":"publish","type":"post","link":"https:\/\/heroart.fi\/?p=901","title":{"rendered":"Alkuvuoden l\u00e4ht\u00f6kiihdytys?"},"content":{"rendered":"<div class='booster-block booster-read-block'><\/div><p>Vai tulikohan sit\u00e4 kiihdytyst\u00e4 ollenkaan? Ehk\u00e4 tilanne l\u00e4hemp\u00e4n\u00e4 j\u00e4lkimm\u00e4ist\u00e4. J\u00e4i v\u00e4h\u00e4n l\u00e4ht\u00f6telineisiin t\u00e4m\u00e4 vuodenalku. Silt\u00e4 ainakin itsest\u00e4 tuntuu. Kuvauskarma on v\u00e4h\u00e4n pakkasella, mutta jospa se siit\u00e4 kev\u00e4\u00e4n mittaan kallistuisi taas osuvammalle puolen.<a href=\"https:\/\/heroart.fi\/wp\/wp-content\/uploads\/2025\/01\/Tammi22b.jpg\"><img loading=\"lazy\" decoding=\"async\" class=\"size-large wp-image-905 alignleft\" src=\"https:\/\/heroart.fi\/wp\/wp-content\/uploads\/2025\/01\/Tammi22b-683x1024.jpg\" alt=\"\" width=\"683\" height=\"1024\" srcset=\"https:\/\/heroart.fi\/wp\/wp-content\/uploads\/2025\/01\/Tammi22b-683x1024.jpg 683w, https:\/\/heroart.fi\/wp\/wp-content\/uploads\/2025\/01\/Tammi22b-200x300.jpg 200w, https:\/\/heroart.fi\/wp\/wp-content\/uploads\/2025\/01\/Tammi22b-768x1152.jpg 768w, https:\/\/heroart.fi\/wp\/wp-content\/uploads\/2025\/01\/Tammi22b-1024x1536.jpg 1024w, https:\/\/heroart.fi\/wp\/wp-content\/uploads\/2025\/01\/Tammi22b.jpg 1200w\" sizes=\"auto, (max-width: 683px) 100vw, 683px\" \/><\/a><\/p>\n<p>Talvi on ollut kehno siin\u00e4 mieless\u00e4, ett\u00e4 s\u00e4\u00e4 on ollut todella vaihteleva talveksi. Lunta on t\u00e4\u00e4ll\u00e4kin p\u00e4in Suomea v\u00e4h\u00e4isesti ja pienten pakkas- tai lumisadejaksojen j\u00e4lkeen on tullut pitk\u00e4 l\u00e4mpim\u00e4n s\u00e4\u00e4n jakso, jolloin lumikato on saanut vauhtia. N\u00e4in on k\u00e4ynniss\u00e4 parhaillaankin. Lunta oli keskim\u00e4\u00e4rin n. 20cm ja nyt siit\u00e4 on j\u00e4ljell\u00e4 ehk\u00e4 puolet. Tasainen naputus r\u00e4yst\u00e4ilt\u00e4 kertoo, ett\u00e4 peite ohenee. Pari seuraavaa p\u00e4iv\u00e4\u00e4 pit\u00e4isi viel\u00e4 olla plussakelin p\u00e4ivi\u00e4, sitten ehk\u00e4 v\u00e4h\u00e4n jo pakastuu. Ja ehk\u00e4 saadaan lis\u00e4\u00e4 luntakin.<\/p>\n<p><a href=\"https:\/\/heroart.fi\/wp\/wp-content\/uploads\/2025\/01\/Tammi22c.jpg\"><img loading=\"lazy\" decoding=\"async\" class=\"aligncenter size-large wp-image-906\" src=\"https:\/\/heroart.fi\/wp\/wp-content\/uploads\/2025\/01\/Tammi22c-683x1024.jpg\" alt=\"\" width=\"683\" height=\"1024\" srcset=\"https:\/\/heroart.fi\/wp\/wp-content\/uploads\/2025\/01\/Tammi22c-683x1024.jpg 683w, https:\/\/heroart.fi\/wp\/wp-content\/uploads\/2025\/01\/Tammi22c-200x300.jpg 200w, https:\/\/heroart.fi\/wp\/wp-content\/uploads\/2025\/01\/Tammi22c-768x1152.jpg 768w, https:\/\/heroart.fi\/wp\/wp-content\/uploads\/2025\/01\/Tammi22c-1024x1536.jpg 1024w, https:\/\/heroart.fi\/wp\/wp-content\/uploads\/2025\/01\/Tammi22c.jpg 1200w\" sizes=\"auto, (max-width: 683px) 100vw, 683px\" \/><\/a><br \/>\nMit\u00e4 t\u00e4m\u00e4 on tarkoittanut omille kuvaushommille? Melkoisen j\u00e4iss\u00e4 ovat olleet, edes ne. Pari viikkoa sitten py\u00f6r\u00e4hdettiin kojulla, sielt\u00e4 saaliina muutama kanahaukkakuva ja katsemuisto maakotkan ahterista. Ahmoja ei ollut liikkeell\u00e4, eik\u00e4 muitakaan nis\u00e4kk\u00e4it\u00e4. Pakkasta silloin oli sen sijaan noin 15 astetta eli ihan mukava talvikeli. Mutta kun ei, niin ei.<\/p>\n<p>Tammikuun alussa hankin pitk\u00e4\u00e4n py\u00f6rittelem\u00e4ni liukulumikeng\u00e4t. Tarkoitus nimenomaan hy\u00f6dynt\u00e4\u00e4 kuvaushommissa, jotta talvella p\u00e4\u00e4sisi paremmin kiertelem\u00e4\u00e4n maastoja, joissa ei teit\u00e4 ole. Muutaman testilenkin enn\u00e4tin niill\u00e4 tehd\u00e4 ennen plussakelej\u00e4 ja oikein mainioiksi osoittautuivat. Viime viikonloppuna kuvauspuolella saaliina muutama k\u00e4nnykk\u00e4kuva kenk\u00e4ilylenkin ohesta. Maisemat olivat kyll\u00e4 oikein kivat, kun sunnuntaille sattui ihan kunnon pakkanen. Ketusta tuli sen verran havaintoa, ett\u00e4 k\u00e4pytikka oli j\u00e4\u00e4nyt mahdollisesti aamiaiseksi l\u00e4heisen puron varressa. Jokunen siipisulka oli en\u00e4\u00e4 todisteena.<\/p>\n<p>Sain vihdoinkin ajoiksi hankkia my\u00f6s uuden pienemm\u00e4n kamerarepun. Siistin varastojani syksyll\u00e4 niiden osalta ja luovuin kahdesta omaan k\u00e4ytt\u00f6\u00f6n jotenkin k\u00f6mpel\u00f6st\u00e4\/sopimattomasta repusta, joten sellaista n\u00e4pp\u00e4r\u00e4\u00e4 p\u00e4iv\u00e4reppua ei nyt ole ollut hetkeen k\u00e4yt\u00f6ss\u00e4. T\u00e4m\u00e4 on tarkoittanut sit\u00e4, ett\u00e4 pienemp\u00e4\u00e4kin kalustoa on pit\u00e4nyt raahata mukana isossa repussa, joka ei oikein siihen tarkoitukseen ole sopiva. Joten esimerkiksi viime viikon kenk\u00e4ilyreissulle j\u00e4i reppu ja kamera kotia. Siit\u00e4 ehk\u00e4 kimmoke hankinnalle vihdoin syttyi.<\/p>\n<p><a href=\"https:\/\/heroart.fi\/wp\/wp-content\/uploads\/2025\/01\/Tammi22a.jpg\"><img loading=\"lazy\" decoding=\"async\" class=\"aligncenter size-large wp-image-904\" src=\"https:\/\/heroart.fi\/wp\/wp-content\/uploads\/2025\/01\/Tammi22a-1024x683.jpg\" alt=\"\" width=\"1024\" height=\"683\" srcset=\"https:\/\/heroart.fi\/wp\/wp-content\/uploads\/2025\/01\/Tammi22a-1024x683.jpg 1024w, https:\/\/heroart.fi\/wp\/wp-content\/uploads\/2025\/01\/Tammi22a-300x200.jpg 300w, https:\/\/heroart.fi\/wp\/wp-content\/uploads\/2025\/01\/Tammi22a-768x512.jpg 768w, https:\/\/heroart.fi\/wp\/wp-content\/uploads\/2025\/01\/Tammi22a-1536x1024.jpg 1536w, https:\/\/heroart.fi\/wp\/wp-content\/uploads\/2025\/01\/Tammi22a.jpg 1800w\" sizes=\"auto, (max-width: 1024px) 100vw, 1024px\" \/><\/a><\/p>\n<p>Olin jo alkujaan ajatellut, ett\u00e4 olisi aika antaa tilaisuus jollekin muulle merkille kuin Lowepro tai Tamrac. Silti pitk\u00e4\u00e4n katselin Lowepron keskikoon reppuja, mutta monen sattuman kautta p\u00e4\u00e4dyin lopulta Think Tankin Mindshiftiin 26l tilavuudella. Vihre\u00e4\u00e4 ensi sijaisesti haaveilin, mutta sopivan tarjouksen sattuessa kohdalle v\u00e4rivalinta oli lopulta tummanharmaa\/musta, jossa vihre\u00e4\u00e4 vain lenkeiss\u00e4. Ihan kiva kyll\u00e4 sekin.<\/p>\n<p>Reppua olen kokeillut selk\u00e4\u00e4n nyt muutamilla reissuilla ja positiivista ainakin se, ett\u00e4 olkahihnat ja lantiovy\u00f6 ovat kunnolla pehmustetut. My\u00f6s rintahihnan korkeutta voi s\u00e4\u00e4t\u00e4\u00e4. Kameraosio aukeaa sel\u00e4n puolelta, joten se luo turvaa, jos kaluston kanssa reissaa tai liikkuu vilkkaissa paikoissa. Toki eip\u00e4 tavarat ihan tiet\u00e4m\u00e4tt\u00e4 tipu mets\u00e4reissullakaan selk\u00e4puolelta. Pienell\u00e4 s\u00e4\u00e4d\u00f6ll\u00e4 reppuun saa survottua R6\/R7-rungon siten, ett\u00e4 siin\u00e4 on kiinni 300mm F2.8-optiikka. Leveyssuunnassa sy\u00f6 toki toisen puolen pikkulokerikoilta tilaa, joten hirve\u00e4sti muuta pidemp\u00e4\u00e4 putkea reppuun on silloin turha tunkea. Ehk\u00e4 jos rungon irrottaisi, niin voisi tiukan paikan tullen menn\u00e4 kaveriksi vaikka 70-200mm F8.2. L\u00e4ht\u00f6kohtaisesti t\u00e4ss\u00e4 on kuitenkin tarve kuljettaa korkeintaan yht\u00e4 pidemp\u00e4\u00e4 vaihto-optiikkaa lyhyempien putkien ja jatkeiden ohella. Siihen vaikuttaisi sopivalta.<\/p>\n<p>Viime viikonloppuna reppu oli mukana Kolilla ja kuvausvermeet kulkivat oikein huomaamattomasti mukana lumisia ja liukkaita rinteit\u00e4 kiipeilless\u00e4. Tosin reissussa oli vain yksi runko, mutta jokunen optiikka kuitenkin. Tele\u00e4 my\u00f6ten. My\u00f6s tavaroiden kaivelu laukusta sujui vy\u00f6hihnan kanssa helposti. Oikein tyytyv\u00e4inen olen t\u00e4h\u00e4n reppuun, huomattavasti kantajalleen sopivampi kuin edellinen vastaavan kokoluokan reppu.<\/p>\n<p>Jutun kuvat ovat viimeisen viikon ajalta. Lumisia ja harmaita enimm\u00e4kseen. Kolilta oli toiveissa saada talvisia pakkasp\u00e4iv\u00e4n kuvia, mutta kovin vesikelit sattuivat siihenkin. Sen verran kuitenkin viile\u00e4mp\u00e4\u00e4, ett\u00e4 hetken aikaa lumi kesti puissa viel\u00e4 sunnuntaiaamunakin. Pari tuntia kuvien ottamisen j\u00e4lkeen olivat melkein sulaneet pois nekin vesisateen my\u00f6t\u00e4. T\u00e4llainen talvi t\u00e4m\u00e4. Koli on kuitenkin aina Koli. Yleens\u00e4 jotakin erilaista sielt\u00e4 tarttuu mukaan, vaikkei s\u00e4\u00e4 ihan priimaa olisikaan. Nytkin hetken repe\u00e4minen pilvi- ja sumuverhossa loi veike\u00e4n n\u00e4kym\u00e4n Pielisen ylle.<\/p>\n<p><a href=\"https:\/\/heroart.fi\/wp\/wp-content\/uploads\/2025\/01\/Tammi26d.jpg\"><img loading=\"lazy\" decoding=\"async\" class=\"aligncenter size-large wp-image-908\" src=\"https:\/\/heroart.fi\/wp\/wp-content\/uploads\/2025\/01\/Tammi26d-683x1024.jpg\" alt=\"\" width=\"683\" height=\"1024\" srcset=\"https:\/\/heroart.fi\/wp\/wp-content\/uploads\/2025\/01\/Tammi26d-683x1024.jpg 683w, https:\/\/heroart.fi\/wp\/wp-content\/uploads\/2025\/01\/Tammi26d-200x300.jpg 200w, https:\/\/heroart.fi\/wp\/wp-content\/uploads\/2025\/01\/Tammi26d-768x1152.jpg 768w, https:\/\/heroart.fi\/wp\/wp-content\/uploads\/2025\/01\/Tammi26d-1024x1536.jpg 1024w, https:\/\/heroart.fi\/wp\/wp-content\/uploads\/2025\/01\/Tammi26d.jpg 1200w\" sizes=\"auto, (max-width: 683px) 100vw, 683px\" \/><\/a><\/p>\n","protected":false},"excerpt":{"rendered":"<p>Vai tulikohan sit\u00e4 kiihdytyst\u00e4 ollenkaan? Ehk\u00e4 tilanne l\u00e4hemp\u00e4n\u00e4 j\u00e4lkimm\u00e4ist\u00e4. J\u00e4i v\u00e4h\u00e4n l\u00e4ht\u00f6telineisiin t\u00e4m\u00e4 vuodenalku. Silt\u00e4 ainakin itsest\u00e4 tuntuu. Kuvauskarma on v\u00e4h\u00e4n pakkasella, mutta jospa se siit\u00e4 kev\u00e4\u00e4n mittaan kallistuisi taas osuvammalle puolen. Talvi on ollut kehno siin\u00e4 mieless\u00e4, ett\u00e4 s\u00e4\u00e4 on ollut todella vaihteleva talveksi. Lunta on t\u00e4\u00e4ll\u00e4kin p\u00e4in Suomea<\/p>\n<div class=\"continue-reading-wrapper\"><a href=\"https:\/\/heroart.fi\/?p=901\" class=\"continue-reading\">Lue kirjoitus<i class=\"ion-ios-arrow-right\"><\/i><\/a><\/div>\n","protected":false},"author":1,"featured_media":907,"comment_status":"open","ping_status":"open","sticky":false,"template":"","format":"standard","meta":{"iawp_total_views":5,"footnotes":""},"categories":[1],"tags":[],"class_list":["post-901","post","type-post","status-publish","format-standard","has-post-thumbnail","hentry","category-yleinen"],"_links":{"self":[{"href":"https:\/\/heroart.fi\/index.php?rest_route=\/wp\/v2\/posts\/901","targetHints":{"allow":["GET"]}}],"collection":[{"href":"https:\/\/heroart.fi\/index.php?rest_route=\/wp\/v2\/posts"}],"about":[{"href":"https:\/\/heroart.fi\/index.php?rest_route=\/wp\/v2\/types\/post"}],"author":[{"embeddable":true,"href":"https:\/\/heroart.fi\/index.php?rest_route=\/wp\/v2\/users\/1"}],"replies":[{"embeddable":true,"href":"https:\/\/heroart.fi\/index.php?rest_route=%2Fwp%2Fv2%2Fcomments&post=901"}],"version-history":[{"count":4,"href":"https:\/\/heroart.fi\/index.php?rest_route=\/wp\/v2\/posts\/901\/revisions"}],"predecessor-version":[{"id":911,"href":"https:\/\/heroart.fi\/index.php?rest_route=\/wp\/v2\/posts\/901\/revisions\/911"}],"wp:featuredmedia":[{"embeddable":true,"href":"https:\/\/heroart.fi\/index.php?rest_route=\/wp\/v2\/media\/907"}],"wp:attachment":[{"href":"https:\/\/heroart.fi\/index.php?rest_route=%2Fwp%2Fv2%2Fmedia&parent=901"}],"wp:term":[{"taxonomy":"category","embeddable":true,"href":"https:\/\/heroart.fi\/index.php?rest_route=%2Fwp%2Fv2%2Fcategories&post=901"},{"taxonomy":"post_tag","embeddable":true,"href":"https:\/\/heroart.fi\/index.php?rest_route=%2Fwp%2Fv2%2Ftags&post=901"}],"curies":[{"name":"wp","href":"https:\/\/api.w.org\/{rel}","templated":true}]}}